{"id":690,"date":"2019-02-15T22:44:35","date_gmt":"2019-02-15T21:44:35","guid":{"rendered":"http:\/\/merca.zix.se\/?p=690"},"modified":"2019-02-20T23:04:46","modified_gmt":"2019-02-20T22:04:46","slug":"varmepaketet-del1","status":"publish","type":"post","link":"https:\/\/merca.zix.se\/index.php\/2019\/02\/15\/varmepaketet-del1\/","title":{"rendered":"V\u00e4rmepaketet, del 1"},"content":{"rendered":"<div id=\"themify_builder_content-690\" data-postid=\"690\" class=\"themify_builder_content themify_builder_content-690 themify_builder\">\n\n    \t\t\t\t<!-- module_row -->\n\t\t<div  class=\"themify_builder_row module_row clearfix module_row_0 themify_builder_690_row module_row_690-0\">\n\t\t\t\t\t\t<div class=\"row_inner col_align_top\" >\n                            \n\t\t<div  class=\"module_column tb-column col-full first tb_690_column module_column_0 module_column_690-0-0\" >\n                                                                <div class=\"tb-column-inner\">\n                            \n\n    <!-- module box -->\n    <div  id=\"box-690-0-0-0\" class=\"module module-box box-690-0-0-0  \">\n        <!--insert-->\n                <div class=\"module-box-content ui   repeat\">\n                <p style=\"text-align: left;\">Denna bil \u00e4r extrautrustad med ett v\u00e4rmepaket, troligen pga att den \u00e4r s\u00e5ld h\u00e4r uppe i Norden. Tittar man p\u00e5 bilder p\u00e5 likadana bilar fr\u00e5n varmare l\u00e4nder brukar det ofta inte finnas n\u00e5got s\u00e5dant. V\u00e4rmepaketet \u00e4r en enkel konstruktion och \u00e4r placerat i motorrummet p\u00e5 motorns v\u00e4nstra sida. L\u00e4ngst fram, p\u00e5 kylarens v\u00e4nstra sida, sitter en &#8221;tratt&#8221; placerad som leder in fartvinden (det finns ingen fl\u00e4kt!) via ett demonterbart insektsfilter vidare till v\u00e4rmeelelemet. I v\u00e4rmeelementet kan varmvattenfl\u00f6det fr\u00e5n kylsystemet regleras med hj\u00e4lp av en kran som via ett stag \u00e4r direkt kopplat till ett reglage (v\u00e4rmereglaget) p\u00e5 instrumentpanelen i kup\u00e9n. Efter v\u00e4rmeelementet leds luften vidare till en f\u00f6rdelningskanal d\u00e4r ett spj\u00e4ll kan leda luften \u00e5t antingen vindrutan (defroster), rakt in i kup\u00e9n under instrumentpanelen, eller s\u00e5 kan man st\u00e4nga av luften helt. Men som sagt, avsaknaden av fl\u00e4kt g\u00f6r den s\u00e4kert helt v\u00e4rdel\u00f6s vid stillast\u00e5ende eller i l\u00e5ga farter.\u00a0<img loading=\"lazy\" decoding=\"async\" class=\"alignnone wp-image-806 size-large\" src=\"http:\/\/merca.zix.se\/wp-content\/uploads\/2019\/02\/Heater170Va-1024x698.png\" alt=\"\" width=\"1024\" height=\"698\" srcset=\"https:\/\/merca.zix.se\/wp-content\/uploads\/2019\/02\/Heater170Va-1024x698.png 1024w, https:\/\/merca.zix.se\/wp-content\/uploads\/2019\/02\/Heater170Va-300x205.png 300w, https:\/\/merca.zix.se\/wp-content\/uploads\/2019\/02\/Heater170Va-768x524.png 768w, https:\/\/merca.zix.se\/wp-content\/uploads\/2019\/02\/Heater170Va.png 1214w\" sizes=\"auto, (max-width: 1024px) 100vw, 1024px\" \/><em>Bild fr\u00e5n Daimler-Benz reservdelskatalog \u00f6ver modellen 170 Va (1950-1952) som har identiskt v\u00e4rme- och ventilationssystem som Vb-modellen.\u00a0 \u00a9 Daimler-Benz<\/em><\/p><p style=\"text-align: left;\"><img loading=\"lazy\" decoding=\"async\" class=\"alignright wp-image-748 size-full\" src=\"http:\/\/merca.zix.se\/wp-content\/uploads\/2019\/02\/SKF_logga.png\" alt=\"\" width=\"204\" height=\"202\" srcset=\"https:\/\/merca.zix.se\/wp-content\/uploads\/2019\/02\/SKF_logga.png 204w, https:\/\/merca.zix.se\/wp-content\/uploads\/2019\/02\/SKF_logga-150x150.png 150w\" sizes=\"auto, (max-width: 204px) 100vw, 204px\" \/>Fabrikatet p\u00e5 sj\u00e4lva v\u00e4rmeelementet \u00e4r\u00a0<strong>S\u00fcddeutsche K\u00fchlerfabrik Julius Fr. Behr<\/strong>, \u00e4ven kallat <strong>S.K.F.<\/strong> Det f\u00f6retaget fick sedan det betydligt kortare namnet\u00a0<strong>Behr<\/strong>. Det har i sin tur nyligen slagits ihop med filtertillverkaren<strong> Mahle<\/strong> och \u00e4r idag ett v\u00e4rldsledande multinationellt storf\u00f6retag, <strong>Mahle Behr GmbH &#038; Co. KG<\/strong>.\u00a0<a href=\"http:\/\/merca.zix.se\/wp-content\/uploads\/2019\/02\/20190211_114719.jpg\"><img loading=\"lazy\" decoding=\"async\" class=\"alignnone size-large wp-image-691\" src=\"http:\/\/merca.zix.se\/wp-content\/uploads\/2019\/02\/20190211_114719-1024x576.jpg\" alt=\"\" width=\"1024\" height=\"576\" srcset=\"https:\/\/merca.zix.se\/wp-content\/uploads\/2019\/02\/20190211_114719-1024x576.jpg 1024w, https:\/\/merca.zix.se\/wp-content\/uploads\/2019\/02\/20190211_114719-300x169.jpg 300w, https:\/\/merca.zix.se\/wp-content\/uploads\/2019\/02\/20190211_114719-768x432.jpg 768w\" sizes=\"auto, (max-width: 1024px) 100vw, 1024px\" \/><\/a>Alla delarna innan renoveringen. &#8221;Tratten&#8221; l\u00e4ngst till v\u00e4nster, sedan locket och boxen som inrymmer v\u00e4rmeelementet. L\u00e4ngst till h\u00f6ger syns ventilationskanalerna som \u00e4r tillverkade i gjuten aluminium. Inga delar saknades och alla var i bra renoverbart skick.<\/p><p style=\"text-align: left;\"><a href=\"http:\/\/merca.zix.se\/wp-content\/uploads\/2019\/02\/20190211_114739.jpg\"><img loading=\"lazy\" decoding=\"async\" class=\"alignnone size-large wp-image-692\" src=\"http:\/\/merca.zix.se\/wp-content\/uploads\/2019\/02\/20190211_114739-1024x576.jpg\" alt=\"\" width=\"1024\" height=\"576\" srcset=\"https:\/\/merca.zix.se\/wp-content\/uploads\/2019\/02\/20190211_114739-1024x576.jpg 1024w, https:\/\/merca.zix.se\/wp-content\/uploads\/2019\/02\/20190211_114739-300x169.jpg 300w, https:\/\/merca.zix.se\/wp-content\/uploads\/2019\/02\/20190211_114739-768x432.jpg 768w\" sizes=\"auto, (max-width: 1024px) 100vw, 1024px\" \/><\/a>Boxen f\u00f6r sj\u00e4lva v\u00e4rmeelementet.<\/p><p style=\"text-align: left;\"><a href=\"http:\/\/merca.zix.se\/wp-content\/uploads\/2019\/02\/20190211_115406.jpg\"><img loading=\"lazy\" decoding=\"async\" class=\"alignnone wp-image-694 size-large\" src=\"http:\/\/merca.zix.se\/wp-content\/uploads\/2019\/02\/20190211_115406-e1550267047120-1024x576.jpg\" alt=\"\" width=\"1024\" height=\"576\" srcset=\"https:\/\/merca.zix.se\/wp-content\/uploads\/2019\/02\/20190211_115406-e1550267047120-1024x576.jpg 1024w, https:\/\/merca.zix.se\/wp-content\/uploads\/2019\/02\/20190211_115406-e1550267047120-300x169.jpg 300w, https:\/\/merca.zix.se\/wp-content\/uploads\/2019\/02\/20190211_115406-e1550267047120-768x432.jpg 768w\" sizes=\"auto, (max-width: 1024px) 100vw, 1024px\" \/><\/a>V\u00e4rmeelementet tillverkat av <em>S\u00fcddeutsche K\u00fchlerfabrik Julius Fr. Behr<\/em>. Firmam\u00e4rket i toppen p\u00e5 elementet var i\u00a0 d\u00e5ligt skick, men det g\u00e5r fortfarande att se att det \u00e4r en isbj\u00f6rn i mitten p\u00e5 loggan.<\/p><p style=\"text-align: left;\"><a href=\"http:\/\/merca.zix.se\/wp-content\/uploads\/2019\/02\/20190211_151845.jpg\"><img loading=\"lazy\" decoding=\"async\" class=\"alignnone size-large wp-image-695\" src=\"http:\/\/merca.zix.se\/wp-content\/uploads\/2019\/02\/20190211_151845-1024x576.jpg\" alt=\"\" width=\"1024\" height=\"576\" srcset=\"https:\/\/merca.zix.se\/wp-content\/uploads\/2019\/02\/20190211_151845-1024x576.jpg 1024w, https:\/\/merca.zix.se\/wp-content\/uploads\/2019\/02\/20190211_151845-300x169.jpg 300w, https:\/\/merca.zix.se\/wp-content\/uploads\/2019\/02\/20190211_151845-768x432.jpg 768w\" sizes=\"auto, (max-width: 1024px) 100vw, 1024px\" \/><\/a>Spj\u00e4llet i luftkanalen som man kan reglera vart luften (fartvinden) ska bl\u00e5sa n\u00e5gonstans, ned\u00e5t f\u00f6tterna, upp\u00e5t vindrutan eller helt avst\u00e4ngd (som p\u00e5 bilden).<\/p><p style=\"text-align: left;\"><a href=\"http:\/\/merca.zix.se\/wp-content\/uploads\/2019\/02\/20190211_151936.jpg\"><img loading=\"lazy\" decoding=\"async\" class=\"alignnone size-large wp-image-697\" src=\"http:\/\/merca.zix.se\/wp-content\/uploads\/2019\/02\/20190211_151936-1024x576.jpg\" alt=\"\" width=\"1024\" height=\"576\" srcset=\"https:\/\/merca.zix.se\/wp-content\/uploads\/2019\/02\/20190211_151936-1024x576.jpg 1024w, https:\/\/merca.zix.se\/wp-content\/uploads\/2019\/02\/20190211_151936-300x169.jpg 300w, https:\/\/merca.zix.se\/wp-content\/uploads\/2019\/02\/20190211_151936-768x432.jpg 768w\" sizes=\"auto, (max-width: 1024px) 100vw, 1024px\" \/><\/a> <a href=\"http:\/\/merca.zix.se\/wp-content\/uploads\/2019\/02\/20190211_151852.jpg\"><img loading=\"lazy\" decoding=\"async\" class=\"alignnone size-large wp-image-696 alignleft\" src=\"http:\/\/merca.zix.se\/wp-content\/uploads\/2019\/02\/20190211_151852-1024x576.jpg\" alt=\"\" width=\"1024\" height=\"576\" srcset=\"https:\/\/merca.zix.se\/wp-content\/uploads\/2019\/02\/20190211_151852-1024x576.jpg 1024w, https:\/\/merca.zix.se\/wp-content\/uploads\/2019\/02\/20190211_151852-300x169.jpg 300w, https:\/\/merca.zix.se\/wp-content\/uploads\/2019\/02\/20190211_151852-768x432.jpg 768w\" sizes=\"auto, (max-width: 1024px) 100vw, 1024px\" \/><\/a>N\u00e5gra av delarna bl\u00e4strade och klara f\u00f6r pulverlackering.<\/p><p style=\"text-align: left;\"><a href=\"http:\/\/merca.zix.se\/wp-content\/uploads\/2019\/02\/20190211_190405.jpg\"><img loading=\"lazy\" decoding=\"async\" class=\"alignnone size-large wp-image-698\" src=\"http:\/\/merca.zix.se\/wp-content\/uploads\/2019\/02\/20190211_190405-1024x576.jpg\" alt=\"\" width=\"1024\" height=\"576\" srcset=\"https:\/\/merca.zix.se\/wp-content\/uploads\/2019\/02\/20190211_190405-1024x576.jpg 1024w, https:\/\/merca.zix.se\/wp-content\/uploads\/2019\/02\/20190211_190405-300x169.jpg 300w, https:\/\/merca.zix.se\/wp-content\/uploads\/2019\/02\/20190211_190405-768x432.jpg 768w\" sizes=\"auto, (max-width: 1024px) 100vw, 1024px\" \/><\/a>Ventilationskanalen i gjuten aluminium som senare ska monteras in under instrumentpanelen i kup\u00e9n. Den f\u00f6rdelar luften ut i tv\u00e5 slangar som leder luften vidare upp till de b\u00e5da defrostermunstyckena.<\/p><p style=\"text-align: left;\"><a href=\"http:\/\/merca.zix.se\/wp-content\/uploads\/2019\/02\/20190211_190709.jpg\"><img loading=\"lazy\" decoding=\"async\" class=\"alignnone size-large wp-image-699\" src=\"http:\/\/merca.zix.se\/wp-content\/uploads\/2019\/02\/20190211_190709-1024x576.jpg\" alt=\"\" width=\"1024\" height=\"576\" srcset=\"https:\/\/merca.zix.se\/wp-content\/uploads\/2019\/02\/20190211_190709-1024x576.jpg 1024w, https:\/\/merca.zix.se\/wp-content\/uploads\/2019\/02\/20190211_190709-300x169.jpg 300w, https:\/\/merca.zix.se\/wp-content\/uploads\/2019\/02\/20190211_190709-768x432.jpg 768w\" sizes=\"auto, (max-width: 1024px) 100vw, 1024px\" \/><\/a>Den f\u00e4rdiglackerade boxen som ska inrymma sj\u00e4lva v\u00e4rmeelementet. H\u00e5let i sidan p\u00e5 locket \u00e4r inloppet f\u00f6r kylarvattnet.<\/p><p style=\"text-align: left;\"><a href=\"http:\/\/merca.zix.se\/wp-content\/uploads\/2019\/02\/20190211_190848.jpg\"><img loading=\"lazy\" decoding=\"async\" class=\"alignnone size-large wp-image-700\" src=\"http:\/\/merca.zix.se\/wp-content\/uploads\/2019\/02\/20190211_190848-1024x576.jpg\" alt=\"\" width=\"1024\" height=\"576\" srcset=\"https:\/\/merca.zix.se\/wp-content\/uploads\/2019\/02\/20190211_190848-1024x576.jpg 1024w, https:\/\/merca.zix.se\/wp-content\/uploads\/2019\/02\/20190211_190848-300x169.jpg 300w, https:\/\/merca.zix.se\/wp-content\/uploads\/2019\/02\/20190211_190848-768x432.jpg 768w\" sizes=\"auto, (max-width: 1024px) 100vw, 1024px\" \/><\/a>Alla delar lackerade och klara. \u00c5terst\u00e5r att ytbehandla alla skruvar och sk\u00e4ra till nya gummipackningar. N\u00e4sta steg \u00e4r montering i bilen. \u00c4ven slangkl\u00e4mmorna kommer bli av samma typ som anv\u00e4ndes vid fr\u00e5n fabriken fr\u00e5n b\u00f6rjan. Bilder p\u00e5 den f\u00e4rdiga monteringen i bilen kommer lite senare i v\u00e5r under rubriken <em>V\u00e4rmepaketet, del 2<\/em>.<\/p><p><a href=\"http:\/\/merca.zix.se\/wp-content\/uploads\/2019\/02\/170_85992.jpg\"><img loading=\"lazy\" decoding=\"async\" class=\"alignnone size-large wp-image-858 alignleft\" src=\"http:\/\/merca.zix.se\/wp-content\/uploads\/2019\/02\/170_85992-1024x708.jpg\" alt=\"\" width=\"1024\" height=\"708\" srcset=\"https:\/\/merca.zix.se\/wp-content\/uploads\/2019\/02\/170_85992-1024x708.jpg 1024w, https:\/\/merca.zix.se\/wp-content\/uploads\/2019\/02\/170_85992-300x207.jpg 300w, https:\/\/merca.zix.se\/wp-content\/uploads\/2019\/02\/170_85992-768x531.jpg 768w\" sizes=\"auto, (max-width: 1024px) 100vw, 1024px\" \/><\/a><em>Kort uppdatering 2019-02-20<\/em>. Nu \u00e4r alla skruvarna f\u00f6rnicklade, \u00e5terst\u00e5r att sk\u00e4ra till gummipackningarna.<\/p>        <\/div>\n    <\/div>\n    <!-- \/module box -->\n\n                        <\/div>\n                    \t\t<\/div>\n\t\t                                <\/div>\n                                <!-- \/row_inner -->\n                        <\/div>\n                        <!-- \/module_row -->\n\t\t<\/div>\n","protected":false},"excerpt":{"rendered":"<p>Denna bil \u00e4r extrautrustad med ett v\u00e4rmepaket, troligen pga att den \u00e4r s\u00e5ld h\u00e4r uppe i Norden. Tittar man p\u00e5 bilder p\u00e5 likadana bilar fr\u00e5n varmare l\u00e4nder brukar det ofta inte finnas n\u00e5got s\u00e5dant. V\u00e4rmepaketet \u00e4r en enkel konstruktion och \u00e4r placerat i motorrummet p\u00e5 motorns v\u00e4nstra sida. L\u00e4ngst fram, p\u00e5 kylarens v\u00e4nstra sida, sitter [&hellip;]<\/p>\n","protected":false},"author":1,"featured_media":0,"comment_status":"open","ping_status":"open","sticky":false,"template":"","format":"standard","meta":{"_monsterinsights_skip_tracking":false,"_monsterinsights_sitenote_active":false,"_monsterinsights_sitenote_note":"","_monsterinsights_sitenote_category":0,"footnotes":""},"categories":[17],"tags":[],"class_list":["post-690","post","type-post","status-publish","format-standard","hentry","category-varme-och-ventilationssystem","has-post-title","has-post-date","has-post-category","has-post-tag","has-post-comment","has-post-author",""," cat-17"],"_links":{"self":[{"href":"https:\/\/merca.zix.se\/index.php\/wp-json\/wp\/v2\/posts\/690","targetHints":{"allow":["GET"]}}],"collection":[{"href":"https:\/\/merca.zix.se\/index.php\/wp-json\/wp\/v2\/posts"}],"about":[{"href":"https:\/\/merca.zix.se\/index.php\/wp-json\/wp\/v2\/types\/post"}],"author":[{"embeddable":true,"href":"https:\/\/merca.zix.se\/index.php\/wp-json\/wp\/v2\/users\/1"}],"replies":[{"embeddable":true,"href":"https:\/\/merca.zix.se\/index.php\/wp-json\/wp\/v2\/comments?post=690"}],"version-history":[{"count":121,"href":"https:\/\/merca.zix.se\/index.php\/wp-json\/wp\/v2\/posts\/690\/revisions"}],"predecessor-version":[{"id":861,"href":"https:\/\/merca.zix.se\/index.php\/wp-json\/wp\/v2\/posts\/690\/revisions\/861"}],"wp:attachment":[{"href":"https:\/\/merca.zix.se\/index.php\/wp-json\/wp\/v2\/media?parent=690"}],"wp:term":[{"taxonomy":"category","embeddable":true,"href":"https:\/\/merca.zix.se\/index.php\/wp-json\/wp\/v2\/categories?post=690"},{"taxonomy":"post_tag","embeddable":true,"href":"https:\/\/merca.zix.se\/index.php\/wp-json\/wp\/v2\/tags?post=690"}],"curies":[{"name":"wp","href":"https:\/\/api.w.org\/{rel}","templated":true}]}}